{"id":813,"__str__":"Lei n\u00ba 5.159, de 22 de julho de 2015","link_detail_backend":"/norma/813","metadata":{},"texto_integral":"http://sapl.voltaredonda.rj.leg.br/media/sapl/public/normajuridica/2015/813/813_texto_integral.pdf","numero":"5159","ano":2015,"esfera_federacao":"M","data":"2015-07-22","data_publicacao":null,"veiculo_publicacao":"","pagina_inicio_publicacao":null,"pagina_fim_publicacao":null,"ementa":"DENOMINA DE JOS\u00c9 DE ASSIS MEDEIROS O NOME DA PRA\u00c7A DAS CRAVINAS, NO BAIRRO \u00c1GUA LIMPA","indexacao":"","observacao":"Vereador Jos\u00e9 Alexandre Alves","complemento":null,"data_vigencia":null,"timestamp":"2018-02-21T10:15:18-03:00","data_ultima_atualizacao":"2018-07-19T09:30:09.534431-03:00","ip":"","ultima_edicao":null,"tipo":1,"materia":null,"orgao":null,"user":null,"assuntos":[],"autores":[]}