{"id":7433,"__str__":"Resolu\u00e7\u00e3o n\u00ba 4.533, de 12 de setembro de 2017","link_detail_backend":"/norma/7433","metadata":{},"texto_integral":"http://sapl.voltaredonda.rj.leg.br/media/sapl/public/normajuridica/2017/7433/resolucao_4533_2017_001.pdf","numero":"4533","ano":2017,"esfera_federacao":"M","data":"2017-09-12","data_publicacao":null,"veiculo_publicacao":"","pagina_inicio_publicacao":null,"pagina_fim_publicacao":null,"ementa":"Concede Homenagem ao Professor Daniel Carvalho de Castro, pelo Dia do Profissional de Educa\u00e7\u00e3o F\u00edsica.","indexacao":"","observacao":"","complemento":false,"data_vigencia":null,"timestamp":"2023-03-06T13:38:08.484522-03:00","data_ultima_atualizacao":"2023-03-06T13:38:08.780007-03:00","ip":"177.207.171.202","ultima_edicao":"2023-03-06T13:37:31.170575-03:00","tipo":4,"materia":null,"orgao":null,"user":23,"assuntos":[],"autores":[]}