{"id":6649,"__str__":"Resolu\u00e7\u00e3o n\u00ba 4.856, de 04 de setembro de 2018","link_detail_backend":"/norma/6649","metadata":{},"texto_integral":"http://sapl.voltaredonda.rj.leg.br/media/sapl/public/normajuridica/2018/6649/resolucao_4856_2018_001.pdf","numero":"4856","ano":2018,"esfera_federacao":"M","data":"2018-09-04","data_publicacao":null,"veiculo_publicacao":"","pagina_inicio_publicacao":null,"pagina_fim_publicacao":null,"ementa":"Concede homenagem ao Professor Iver Mazzoni Vieira J\u00fanior, pelo Dia do Profissional de Educa\u00e7\u00e3o F\u00edsica.","indexacao":"","observacao":"","complemento":false,"data_vigencia":null,"timestamp":"2023-02-15T15:25:23.088705-03:00","data_ultima_atualizacao":"2023-02-15T15:25:23.248503-03:00","ip":"177.207.171.202","ultima_edicao":"2023-02-15T15:24:09.429059-03:00","tipo":4,"materia":null,"orgao":null,"user":23,"assuntos":[],"autores":[]}